{"id":5,"count":55,"description":"Para esta secci\u00f3n de la revista se contar\u00e1 con art\u00edculos que respondan a la convocatoria sobre Miradas desde y hacia la educaci\u00f3n. Se presentan aqu\u00ed los aportes de autores nacionales e internacionales.\r\nLas im\u00e1genes que acompa\u00f1an a los art\u00edculos son independientes de su contenido, siguiendo el prop\u00f3sito del homenaje a Petrona Viera.\r\nDichas im\u00e1genes, de dominio p\u00fablico, han sido extra\u00eddas de:\r\nLa base de datos de autores de Uruguay\r\nhttp:\/\/autores.uy\/\r\n\r\n","link":"https:\/\/www.stellamaris.edu.uy\/revistapresencia\/category\/tematica-general\/","name":"Tem\u00e1tica general","slug":"tematica-general","taxonomy":"category","parent":0,"meta":[],"_links":{"self":[{"href":"https:\/\/www.stellamaris.edu.uy\/revistapresencia\/wp-json\/wp\/v2\/categories\/5"}],"collection":[{"href":"https:\/\/www.stellamaris.edu.uy\/revistapresencia\/wp-json\/wp\/v2\/categories"}],"about":[{"href":"https:\/\/www.stellamaris.edu.uy\/revistapresencia\/wp-json\/wp\/v2\/taxonomies\/category"}],"wp:post_type":[{"href":"https:\/\/www.stellamaris.edu.uy\/revistapresencia\/wp-json\/wp\/v2\/posts?categories=5"}],"curies":[{"name":"wp","href":"https:\/\/api.w.org\/{rel}","templated":true}]}}