{"id":6,"count":12,"description":"En esta secci\u00f3n se publican art\u00edculos que hacen referencia a un \u00e1rea espec\u00edfica del quehacer educativo. Se destacan aqu\u00ed el aporte de profesionales de Brasil y Uruguay.\r\nLas im\u00e1genes que acompa\u00f1an a los art\u00edculos son independientes de su contenido, siguiendo el prop\u00f3sito del homenaje a Pedro Figari.\r\nDichas im\u00e1genes, de dominio p\u00fablico, han sido extra\u00eddas de:\r\nLa base de datos de autores de Uruguay\r\nhttp:\/\/autores.uy\/\r\n","link":"https:\/\/www.stellamaris.edu.uy\/revistapresencia\/category\/areas-especificas\/","name":"\u00c1reas especificas","slug":"areas-especificas","taxonomy":"category","parent":0,"meta":[],"_links":{"self":[{"href":"https:\/\/www.stellamaris.edu.uy\/revistapresencia\/wp-json\/wp\/v2\/categories\/6"}],"collection":[{"href":"https:\/\/www.stellamaris.edu.uy\/revistapresencia\/wp-json\/wp\/v2\/categories"}],"about":[{"href":"https:\/\/www.stellamaris.edu.uy\/revistapresencia\/wp-json\/wp\/v2\/taxonomies\/category"}],"wp:post_type":[{"href":"https:\/\/www.stellamaris.edu.uy\/revistapresencia\/wp-json\/wp\/v2\/posts?categories=6"}],"curies":[{"name":"wp","href":"https:\/\/api.w.org\/{rel}","templated":true}]}}