{"id":130,"date":"2016-12-05T17:55:42","date_gmt":"2016-12-05T23:55:42","guid":{"rendered":"http:\/\/www.stellamaris.edu.uy\/revistapresencia\/?p=130"},"modified":"2017-11-13T08:47:37","modified_gmt":"2017-11-13T14:47:37","slug":"do-ensino-juridico-e-da-busca-pela-formacao-critica-tendencias-teoricas-de-2004-a-2014-no-brasil","status":"publish","type":"post","link":"https:\/\/www.stellamaris.edu.uy\/revistapresencia\/2016\/12\/05\/do-ensino-juridico-e-da-busca-pela-formacao-critica-tendencias-teoricas-de-2004-a-2014-no-brasil\/","title":{"rendered":"Do ensino jur\u00eddico e da busca pela forma\u00e7\u00e3o cr\u00edtica: Tend\u00eancias Te\u00f3ricas de 2004 a 2014 no Brasil"},"content":{"rendered":"<p style=\"text-align: justify;\"><strong>Resumo<\/strong><\/p>\n<p style=\"text-align: justify;\">A presente pesquisa teve como objeto de estudo das Tend\u00eancias Te\u00f3ricas de pesquisas de Mestrado e Doutorado entre 2004 e 2014. Em que pese seu objetivo, n\u00e3o obsta asseverar que o mesmo est\u00e1 ligado com a discuss\u00e3o e rela\u00e7\u00e3o entre as tend\u00eancias espistemol\u00f3gicas estabelecidas na pesquisa de Estado da Arte feita para a elabora\u00e7\u00e3o da disserta\u00e7\u00e3o, utilizando-se do mesmo intervalo. Al\u00e9m disto, em rela\u00e7\u00e3o aos objetivos espec\u00edficos, importa destacar quais autores se apresentam como referenciais te\u00f3ricos e quais as poss\u00edveis rela\u00e7\u00f5es entre eles. Pelos resultados obtidos, ent\u00e3o, foi poss\u00edvel afirmar que as principais refer\u00eancias sobre o tema, s\u00e3o eles: Hor\u00e1cio Wanderley Rodrigues, Luis Alberto Warat, Jos\u00e9 Eduardo Faria, Eduardo Carlos Bianca Bittar e Roberto Lyra Filho. Logo, a busca pela forma\u00e7\u00e3o cr\u00edtica se apresenta como ponto de converg\u00eancia central entre os autores elencados como tend\u00eancias. Por outro lado, o m\u00e9todo de pesquisa foi, pois, a revis\u00e3o bibliogr\u00e1fica da pr\u00f3pria disserta\u00e7\u00e3o utilizada como resultado, bem como as demais refer\u00eancias que lhe deram baldrame te\u00f3rico. Ainda especificamente sobre o m\u00e9todo, n\u00e3o h\u00e1 \u00f3bice em ressaltar que as teses e disserta\u00e7\u00f5es foram pesquisadas por meio do banco de dados da Biblioteca Digital de Teses e Disserta\u00e7\u00f5es.<\/p>\n<p style=\"text-align: justify;\"><strong>Palavras-Chave:<\/strong> Forma\u00e7\u00e3o Cr\u00edtica; Tend\u00eancias Te\u00f3ricas; Ensino Jur\u00eddico.<\/p>\n<p><a href=\"http:\/\/www.stellamaris.edu.uy\/revistapresencia\/wp-content\/uploads\/2016\/12\/Adaid-Felipe-5.pdf\" target=\"_blank\">Ver art\u00edculo completo. Adaid, Felipe<\/a><\/p>\n","protected":false},"excerpt":{"rendered":"<p>Resumo A presente pesquisa teve como objeto de estudo das Tend\u00eancias Te\u00f3ricas de pesquisas de Mestrado e Doutorado entre 2004 e 2014. Em que pese seu objetivo, n\u00e3o obsta asseverar que o mesmo est\u00e1 ligado com a discuss\u00e3o e rela\u00e7\u00e3o entre as tend\u00eancias espistemol\u00f3gicas estabelecidas na pesquisa de Estado da Arte feita para a elabora\u00e7\u00e3o [&hellip;]<\/p>\n","protected":false},"author":2,"featured_media":123,"comment_status":"open","ping_status":"open","sticky":false,"template":"","format":"standard","meta":[],"categories":[6],"tags":[9],"_links":{"self":[{"href":"https:\/\/www.stellamaris.edu.uy\/revistapresencia\/wp-json\/wp\/v2\/posts\/130"}],"collection":[{"href":"https:\/\/www.stellamaris.edu.uy\/revistapresencia\/wp-json\/wp\/v2\/posts"}],"about":[{"href":"https:\/\/www.stellamaris.edu.uy\/revistapresencia\/wp-json\/wp\/v2\/types\/post"}],"author":[{"embeddable":true,"href":"https:\/\/www.stellamaris.edu.uy\/revistapresencia\/wp-json\/wp\/v2\/users\/2"}],"replies":[{"embeddable":true,"href":"https:\/\/www.stellamaris.edu.uy\/revistapresencia\/wp-json\/wp\/v2\/comments?post=130"}],"version-history":[{"count":7,"href":"https:\/\/www.stellamaris.edu.uy\/revistapresencia\/wp-json\/wp\/v2\/posts\/130\/revisions"}],"predecessor-version":[{"id":291,"href":"https:\/\/www.stellamaris.edu.uy\/revistapresencia\/wp-json\/wp\/v2\/posts\/130\/revisions\/291"}],"wp:featuredmedia":[{"embeddable":true,"href":"https:\/\/www.stellamaris.edu.uy\/revistapresencia\/wp-json\/wp\/v2\/media\/123"}],"wp:attachment":[{"href":"https:\/\/www.stellamaris.edu.uy\/revistapresencia\/wp-json\/wp\/v2\/media?parent=130"}],"wp:term":[{"taxonomy":"category","embeddable":true,"href":"https:\/\/www.stellamaris.edu.uy\/revistapresencia\/wp-json\/wp\/v2\/categories?post=130"},{"taxonomy":"post_tag","embeddable":true,"href":"https:\/\/www.stellamaris.edu.uy\/revistapresencia\/wp-json\/wp\/v2\/tags?post=130"}],"curies":[{"name":"wp","href":"https:\/\/api.w.org\/{rel}","templated":true}]}}