{"id":136,"date":"2016-12-05T18:00:06","date_gmt":"2016-12-06T00:00:06","guid":{"rendered":"http:\/\/www.stellamaris.edu.uy\/revistapresencia\/?p=136"},"modified":"2017-11-13T08:47:32","modified_gmt":"2017-11-13T14:47:32","slug":"formacion-humana-y-vida-como-obra-de-arte","status":"publish","type":"post","link":"https:\/\/www.stellamaris.edu.uy\/revistapresencia\/2016\/12\/05\/formacion-humana-y-vida-como-obra-de-arte\/","title":{"rendered":"Formaci\u00f3n humana y vida como obra de arte"},"content":{"rendered":"<p style=\"text-align: justify;\"><strong>Resumen<\/strong><\/p>\n<p style=\"text-align: justify;\">En tanto educadores no podemos eludir la discusi\u00f3n respecto a la formaci\u00f3n humana, puesto que educar no es otra cosa que formar, y formamos porque entendemos que al nacer llegamos incompletos, hay algo de lo que adolecemos\u00a0y es la educaci\u00f3n en sus diferentes formas la que logra completarnos y por ende la que logra hacer de nosotros humanos. En este trabajo, pretendemos mostrar que la filosof\u00eda de la educaci\u00f3n puede ser asumida como disciplina y como proyecto \u00e9tico, pol\u00edtico y pedag\u00f3gico desde el cual formar humanidad. Por lo que se defender\u00e1 que es clave para formarse como humano aprender a cuidar de s\u00ed (epimeleia heautou), en otras palabras a cuidar el alma y a la vez el cuerpo. El cuidado de s\u00ed permite que el individuo acceda a la verdad que se encuentra en su propio ser pero para ello es necesario transfigurarse, modificarse, transformarse, mutar en un ser diferente, y por ende cambiar la perspectiva acerca de s\u00ed mismo, de su relaci\u00f3n con los otros y de su relaci\u00f3n con el mundo. El cuidado de s\u00ed es el punto de partida para hacer de las vidas obras de arte bellas, para desarrollar una est\u00e9tica de la existencia tal como le llamara Michel Foucault. Pensar en nuestras vidas como obras de arte consideramos que es posible si abordamos a la filosof\u00eda como disciplina, como terapia y como forma de vida.<\/p>\n<p style=\"text-align: justify;\"><strong>Palabras clave: filosof\u00eda de la educaci\u00f3n, cuidado de s\u00ed, terapia, vida como obra de arte.<\/strong><\/p>\n<p><a href=\"http:\/\/www.stellamaris.edu.uy\/revistapresencia\/wp-content\/uploads\/2016\/12\/Camejo-Marina-2.pdf\" target=\"_blank\">Ver art\u00edculo completo. Camejo, Marina<\/a><\/p>\n","protected":false},"excerpt":{"rendered":"<p>Resumen En tanto educadores no podemos eludir la discusi\u00f3n respecto a la formaci\u00f3n humana, puesto que educar no es otra cosa que formar, y formamos porque entendemos que al nacer llegamos incompletos, hay algo de lo que adolecemos\u00a0y es la educaci\u00f3n en sus diferentes formas la que logra completarnos y por ende la que logra [&hellip;]<\/p>\n","protected":false},"author":2,"featured_media":128,"comment_status":"open","ping_status":"open","sticky":false,"template":"","format":"standard","meta":[],"categories":[6],"tags":[9],"_links":{"self":[{"href":"https:\/\/www.stellamaris.edu.uy\/revistapresencia\/wp-json\/wp\/v2\/posts\/136"}],"collection":[{"href":"https:\/\/www.stellamaris.edu.uy\/revistapresencia\/wp-json\/wp\/v2\/posts"}],"about":[{"href":"https:\/\/www.stellamaris.edu.uy\/revistapresencia\/wp-json\/wp\/v2\/types\/post"}],"author":[{"embeddable":true,"href":"https:\/\/www.stellamaris.edu.uy\/revistapresencia\/wp-json\/wp\/v2\/users\/2"}],"replies":[{"embeddable":true,"href":"https:\/\/www.stellamaris.edu.uy\/revistapresencia\/wp-json\/wp\/v2\/comments?post=136"}],"version-history":[{"count":7,"href":"https:\/\/www.stellamaris.edu.uy\/revistapresencia\/wp-json\/wp\/v2\/posts\/136\/revisions"}],"predecessor-version":[{"id":296,"href":"https:\/\/www.stellamaris.edu.uy\/revistapresencia\/wp-json\/wp\/v2\/posts\/136\/revisions\/296"}],"wp:featuredmedia":[{"embeddable":true,"href":"https:\/\/www.stellamaris.edu.uy\/revistapresencia\/wp-json\/wp\/v2\/media\/128"}],"wp:attachment":[{"href":"https:\/\/www.stellamaris.edu.uy\/revistapresencia\/wp-json\/wp\/v2\/media?parent=136"}],"wp:term":[{"taxonomy":"category","embeddable":true,"href":"https:\/\/www.stellamaris.edu.uy\/revistapresencia\/wp-json\/wp\/v2\/categories?post=136"},{"taxonomy":"post_tag","embeddable":true,"href":"https:\/\/www.stellamaris.edu.uy\/revistapresencia\/wp-json\/wp\/v2\/tags?post=136"}],"curies":[{"name":"wp","href":"https:\/\/api.w.org\/{rel}","templated":true}]}}