{"id":150,"date":"2016-12-05T18:15:07","date_gmt":"2016-12-06T00:15:07","guid":{"rendered":"http:\/\/www.stellamaris.edu.uy\/revistapresencia\/?p=150"},"modified":"2017-11-13T08:47:12","modified_gmt":"2017-11-13T14:47:12","slug":"inclusion-reclusion-locucion-la-educacion-en-contexto-de-encierro","status":"publish","type":"post","link":"https:\/\/www.stellamaris.edu.uy\/revistapresencia\/2016\/12\/05\/inclusion-reclusion-locucion-la-educacion-en-contexto-de-encierro\/","title":{"rendered":"Inclusi\u00f3n, reclusi\u00f3n, locuci\u00f3n: la Educaci\u00f3n en Contexto de Encierro"},"content":{"rendered":"<p style=\"text-align: justify;\"><strong>Resumen<\/strong><\/p>\n<p style=\"text-align: justify;\">El t\u00edtulo, por encima del juego de palabras, remite a las experiencias educativas en situaci\u00f3n de reclusi\u00f3n en el marco de la creaci\u00f3n del Instituto Nacional de Rehabilitaci\u00f3n en 2011. La Educaci\u00f3n en Contextos de Encierro (ECE) naci\u00f3 con el cometido de profundizar la universalizaci\u00f3n de la educaci\u00f3n b\u00e1sica y asegurar el ejercicio de su derecho, as\u00ed como asegurar la <em>inclusi\u00f3n<\/em> de todos, a partir de reconocer y respetar la diversidad de los grupos sociales (Ord\u00f3\u00f1ez y Techera, 2011). Pero al mismo tiempo nos proponemos abordar la locuci\u00f3n \u201c<em>educaci\u00f3n inclusiva\u201d<\/em> desde una perspectiva inc\u00f3moda: m\u00e1s all\u00e1 de las buenas intenciones que de esta se infiere, \u00bfcu\u00e1les son las posibilidades reales de que los reclusos sean incluidos a la sociedad en el sentido m\u00e1s parcial del t\u00e9rmino: que dejen de delinquir?, \u00bfcu\u00e1l es la forma de actuar de este interior que\u00a0 los repele?, \u00bfc\u00f3mo operan los factores sist\u00e9micos de la exclusi\u00f3n?<\/p>\n<p style=\"text-align: justify;\"><strong>PALABRAS CLAVE:<\/strong> inclusi\u00f3n \u2013 exclusi\u00f3n \u2013 educaci\u00f3n \u2013 criminalizaci\u00f3n de la pobreza \u2013 psicoan\u00e1lisis<\/p>\n<p><a href=\"http:\/\/www.stellamaris.edu.uy\/revistapresencia\/wp-content\/uploads\/2016\/12\/Dentone-Santiago.-1.pdf\" target=\"_blank\">Ver art\u00edculo completo. Dentone, Santiago.<\/a><\/p>\n","protected":false},"excerpt":{"rendered":"<p>Resumen El t\u00edtulo, por encima del juego de palabras, remite a las experiencias educativas en situaci\u00f3n de reclusi\u00f3n en el marco de la creaci\u00f3n del Instituto Nacional de Rehabilitaci\u00f3n en 2011. La Educaci\u00f3n en Contextos de Encierro (ECE) naci\u00f3 con el cometido de profundizar la universalizaci\u00f3n de la educaci\u00f3n b\u00e1sica y asegurar el ejercicio de [&hellip;]<\/p>\n","protected":false},"author":2,"featured_media":152,"comment_status":"open","ping_status":"open","sticky":false,"template":"","format":"standard","meta":[],"categories":[5],"tags":[9],"_links":{"self":[{"href":"https:\/\/www.stellamaris.edu.uy\/revistapresencia\/wp-json\/wp\/v2\/posts\/150"}],"collection":[{"href":"https:\/\/www.stellamaris.edu.uy\/revistapresencia\/wp-json\/wp\/v2\/posts"}],"about":[{"href":"https:\/\/www.stellamaris.edu.uy\/revistapresencia\/wp-json\/wp\/v2\/types\/post"}],"author":[{"embeddable":true,"href":"https:\/\/www.stellamaris.edu.uy\/revistapresencia\/wp-json\/wp\/v2\/users\/2"}],"replies":[{"embeddable":true,"href":"https:\/\/www.stellamaris.edu.uy\/revistapresencia\/wp-json\/wp\/v2\/comments?post=150"}],"version-history":[{"count":4,"href":"https:\/\/www.stellamaris.edu.uy\/revistapresencia\/wp-json\/wp\/v2\/posts\/150\/revisions"}],"predecessor-version":[{"id":286,"href":"https:\/\/www.stellamaris.edu.uy\/revistapresencia\/wp-json\/wp\/v2\/posts\/150\/revisions\/286"}],"wp:featuredmedia":[{"embeddable":true,"href":"https:\/\/www.stellamaris.edu.uy\/revistapresencia\/wp-json\/wp\/v2\/media\/152"}],"wp:attachment":[{"href":"https:\/\/www.stellamaris.edu.uy\/revistapresencia\/wp-json\/wp\/v2\/media?parent=150"}],"wp:term":[{"taxonomy":"category","embeddable":true,"href":"https:\/\/www.stellamaris.edu.uy\/revistapresencia\/wp-json\/wp\/v2\/categories?post=150"},{"taxonomy":"post_tag","embeddable":true,"href":"https:\/\/www.stellamaris.edu.uy\/revistapresencia\/wp-json\/wp\/v2\/tags?post=150"}],"curies":[{"name":"wp","href":"https:\/\/api.w.org\/{rel}","templated":true}]}}