{"id":356,"date":"2017-12-06T13:30:24","date_gmt":"2017-12-06T19:30:24","guid":{"rendered":"http:\/\/www.stellamaris.edu.uy\/revistapresencia\/?p=356"},"modified":"2017-12-06T15:32:02","modified_gmt":"2017-12-06T21:32:02","slug":"variacoes-sobre-aprender-com-rene-scherer","status":"publish","type":"post","link":"https:\/\/www.stellamaris.edu.uy\/revistapresencia\/2017\/12\/06\/variacoes-sobre-aprender-com-rene-scherer\/","title":{"rendered":"Varia\u00e7\u00f5es sobre aprender com Ren\u00e9 Sch\u00e9rer"},"content":{"rendered":"<p style=\"text-align: justify;\">Resumo: o presente trabalho tem como foco apresentar o conceito de aprender desenvolvido pelo fil\u00f3sofo franc\u00eas contempor\u00e2neo Ren\u00e9 Sch\u00e9rer e suas influ\u00eancias no campo que diz respeito ao tema da aprendizagem. O texto passa por um aspecto geral da organiza\u00e7\u00e3o do processo de pedagogiza\u00e7\u00e3o da inf\u00e2ncia e seus desmembramentos pelo campo social. Num segundo momento \u00e9 dado destaque ao conceito de aprender problematizado pelo autor que \u00e9 conectado a um conceito indispens\u00e1vel para pensar a aprendizagem, o conceito de devir-crian\u00e7a, desenvolvido por Gilles Deleuze e F\u00e9lix Guattari. E para finalizar t\u00eam-se apontamentos de uma pesquisa de campo desenvolvida em Campinas\/SP no ano de 2015 com um aluno de 5\u00ba ano do Ensino Fundamental, onde se emergem alguns processos de pedagogiza\u00e7\u00e3o com esse aluno e as varia\u00e7\u00f5es do seu aprender, que circulam entre tra\u00e7os de singularidades e outras aberturas que podem surgir num processo de disciplinamento escolar.<\/p>\n<p style=\"text-align: justify;\">Palavras-chave: aprender, Ren\u00e9 Sch\u00e9rer, varia\u00e7\u00f5es, escola, crian\u00e7a.<\/p>\n<p style=\"text-align: justify;\">Ver art\u00edculo completo de:\u00a0<a href=\"http:\/\/www.stellamaris.edu.uy\/revistapresencia\/wp-content\/uploads\/2017\/12\/de-Oliveira-Guarenti-Laisa-Blancy.pdf\">de Oliveira Guarenti, Laisa Blancy<\/a><\/p>\n","protected":false},"excerpt":{"rendered":"<p>Resumo: o presente trabalho tem como foco apresentar o conceito de aprender desenvolvido pelo fil\u00f3sofo franc\u00eas contempor\u00e2neo Ren\u00e9 Sch\u00e9rer e suas influ\u00eancias no campo que diz respeito ao tema da aprendizagem. O texto passa por um aspecto geral da organiza\u00e7\u00e3o do processo de pedagogiza\u00e7\u00e3o da inf\u00e2ncia e seus desmembramentos pelo campo social. Num segundo momento [&hellip;]<\/p>\n","protected":false},"author":2,"featured_media":358,"comment_status":"closed","ping_status":"closed","sticky":false,"template":"","format":"standard","meta":[],"categories":[6],"tags":[10],"_links":{"self":[{"href":"https:\/\/www.stellamaris.edu.uy\/revistapresencia\/wp-json\/wp\/v2\/posts\/356"}],"collection":[{"href":"https:\/\/www.stellamaris.edu.uy\/revistapresencia\/wp-json\/wp\/v2\/posts"}],"about":[{"href":"https:\/\/www.stellamaris.edu.uy\/revistapresencia\/wp-json\/wp\/v2\/types\/post"}],"author":[{"embeddable":true,"href":"https:\/\/www.stellamaris.edu.uy\/revistapresencia\/wp-json\/wp\/v2\/users\/2"}],"replies":[{"embeddable":true,"href":"https:\/\/www.stellamaris.edu.uy\/revistapresencia\/wp-json\/wp\/v2\/comments?post=356"}],"version-history":[{"count":1,"href":"https:\/\/www.stellamaris.edu.uy\/revistapresencia\/wp-json\/wp\/v2\/posts\/356\/revisions"}],"predecessor-version":[{"id":359,"href":"https:\/\/www.stellamaris.edu.uy\/revistapresencia\/wp-json\/wp\/v2\/posts\/356\/revisions\/359"}],"wp:featuredmedia":[{"embeddable":true,"href":"https:\/\/www.stellamaris.edu.uy\/revistapresencia\/wp-json\/wp\/v2\/media\/358"}],"wp:attachment":[{"href":"https:\/\/www.stellamaris.edu.uy\/revistapresencia\/wp-json\/wp\/v2\/media?parent=356"}],"wp:term":[{"taxonomy":"category","embeddable":true,"href":"https:\/\/www.stellamaris.edu.uy\/revistapresencia\/wp-json\/wp\/v2\/categories?post=356"},{"taxonomy":"post_tag","embeddable":true,"href":"https:\/\/www.stellamaris.edu.uy\/revistapresencia\/wp-json\/wp\/v2\/tags?post=356"}],"curies":[{"name":"wp","href":"https:\/\/api.w.org\/{rel}","templated":true}]}}