{"id":589,"date":"2019-08-28T19:05:31","date_gmt":"2019-08-28T22:05:31","guid":{"rendered":"https:\/\/www.stellamaris.edu.uy\/revistapresencia\/?p=589"},"modified":"2019-08-30T09:24:58","modified_gmt":"2019-08-30T12:24:58","slug":"el-lugar-de-la-autoridad-en-la-educacion-actual-analisis-critico-a-la-luz-de-conceptos-de-hannah-arendt","status":"publish","type":"post","link":"https:\/\/www.stellamaris.edu.uy\/revistapresencia\/2019\/08\/28\/el-lugar-de-la-autoridad-en-la-educacion-actual-analisis-critico-a-la-luz-de-conceptos-de-hannah-arendt\/","title":{"rendered":"El lugar de la autoridad en la educaci\u00f3n actual: an\u00e1lisis cr\u00edtico a la luz de conceptos de Hannah Arendt"},"content":{"rendered":"<p>Ver art\u00edculo completo de:\u00a0<a href=\"https:\/\/www.stellamaris.edu.uy\/revistapresencia\/wp-content\/uploads\/2019\/08\/Moras-Zanatta-V..pdf\" target=\"_blank\">Moras Zanatta, V.<\/a><\/p>\n","protected":false},"excerpt":{"rendered":"<p>Ver art\u00edculo completo de:\u00a0Moras Zanatta, V.<\/p>\n","protected":false},"author":2,"featured_media":592,"comment_status":"closed","ping_status":"closed","sticky":false,"template":"","format":"standard","meta":[],"categories":[5],"tags":[13],"_links":{"self":[{"href":"https:\/\/www.stellamaris.edu.uy\/revistapresencia\/wp-json\/wp\/v2\/posts\/589"}],"collection":[{"href":"https:\/\/www.stellamaris.edu.uy\/revistapresencia\/wp-json\/wp\/v2\/posts"}],"about":[{"href":"https:\/\/www.stellamaris.edu.uy\/revistapresencia\/wp-json\/wp\/v2\/types\/post"}],"author":[{"embeddable":true,"href":"https:\/\/www.stellamaris.edu.uy\/revistapresencia\/wp-json\/wp\/v2\/users\/2"}],"replies":[{"embeddable":true,"href":"https:\/\/www.stellamaris.edu.uy\/revistapresencia\/wp-json\/wp\/v2\/comments?post=589"}],"version-history":[{"count":6,"href":"https:\/\/www.stellamaris.edu.uy\/revistapresencia\/wp-json\/wp\/v2\/posts\/589\/revisions"}],"predecessor-version":[{"id":712,"href":"https:\/\/www.stellamaris.edu.uy\/revistapresencia\/wp-json\/wp\/v2\/posts\/589\/revisions\/712"}],"wp:featuredmedia":[{"embeddable":true,"href":"https:\/\/www.stellamaris.edu.uy\/revistapresencia\/wp-json\/wp\/v2\/media\/592"}],"wp:attachment":[{"href":"https:\/\/www.stellamaris.edu.uy\/revistapresencia\/wp-json\/wp\/v2\/media?parent=589"}],"wp:term":[{"taxonomy":"category","embeddable":true,"href":"https:\/\/www.stellamaris.edu.uy\/revistapresencia\/wp-json\/wp\/v2\/categories?post=589"},{"taxonomy":"post_tag","embeddable":true,"href":"https:\/\/www.stellamaris.edu.uy\/revistapresencia\/wp-json\/wp\/v2\/tags?post=589"}],"curies":[{"name":"wp","href":"https:\/\/api.w.org\/{rel}","templated":true}]}}