{"id":13,"count":13,"description":"","link":"https:\/\/www.stellamaris.edu.uy\/revistapresencia\/tag\/numero-4-ano-2019-miradas-desde-y-hacia-la-educacion\/","name":"N\u00famero 4 (a\u00f1o 2019) Miradas desde y hacia la educaci\u00f3n","slug":"numero-4-ano-2019-miradas-desde-y-hacia-la-educacion","taxonomy":"post_tag","meta":[],"_links":{"self":[{"href":"https:\/\/www.stellamaris.edu.uy\/revistapresencia\/wp-json\/wp\/v2\/tags\/13"}],"collection":[{"href":"https:\/\/www.stellamaris.edu.uy\/revistapresencia\/wp-json\/wp\/v2\/tags"}],"about":[{"href":"https:\/\/www.stellamaris.edu.uy\/revistapresencia\/wp-json\/wp\/v2\/taxonomies\/post_tag"}],"wp:post_type":[{"href":"https:\/\/www.stellamaris.edu.uy\/revistapresencia\/wp-json\/wp\/v2\/posts?tags=13"}],"curies":[{"name":"wp","href":"https:\/\/api.w.org\/{rel}","templated":true}]}}