{"id":9,"count":13,"description":"","link":"https:\/\/www.stellamaris.edu.uy\/revistapresencia\/tag\/revista-1\/","name":"N\u00famero 1 (a\u00f1o 2016) Educaci\u00f3n e inclusi\u00f3n","slug":"revista-1","taxonomy":"post_tag","meta":[],"_links":{"self":[{"href":"https:\/\/www.stellamaris.edu.uy\/revistapresencia\/wp-json\/wp\/v2\/tags\/9"}],"collection":[{"href":"https:\/\/www.stellamaris.edu.uy\/revistapresencia\/wp-json\/wp\/v2\/tags"}],"about":[{"href":"https:\/\/www.stellamaris.edu.uy\/revistapresencia\/wp-json\/wp\/v2\/taxonomies\/post_tag"}],"wp:post_type":[{"href":"https:\/\/www.stellamaris.edu.uy\/revistapresencia\/wp-json\/wp\/v2\/posts?tags=9"}],"curies":[{"name":"wp","href":"https:\/\/api.w.org\/{rel}","templated":true}]}}